{"id":380,"date":"2022-01-16T15:28:10","date_gmt":"2022-01-16T15:28:10","guid":{"rendered":"https:\/\/alianza-por-el-clima-navarra.org\/?p=380"},"modified":"2022-01-16T15:33:58","modified_gmt":"2022-01-16T15:33:58","slug":"limpieza-rio-arga","status":"publish","type":"post","link":"https:\/\/alianza-por-el-clima-navarra.org\/?p=380","title":{"rendered":"Limpieza rio Arga"},"content":{"rendered":"\n[et_pb_section fb_built=\u00bb1&#8243; fullwidth=\u00bbon\u00bb _builder_version=\u00bb4.9.4&#8243; _module_preset=\u00bbdefault\u00bb locked=\u00bboff\u00bb][et_pb_fullwidth_image src=\u00bbhttps:\/\/alianza-por-el-clima-navarra.org\/wp-content\/uploads\/2022\/01\/indice.jpg\u00bb title_text=\u00bb\u00edndice\u00bb _builder_version=\u00bb4.9.4&#8243; animation_style=\u00bbslide\u00bb animation_direction=\u00bbbottom\u00bb animation_intensity_slide=\u00bb4%\u00bb hover_enabled=\u00bb0&#8243; sticky_enabled=\u00bb0&#8243;][\/et_pb_fullwidth_image][\/et_pb_section][et_pb_section fb_built=\u00bb1&#8243; admin_label=\u00bbHeader\u00bb _builder_version=\u00bb4.9.4&#8243; background_color=\u00bb#f7f9f9&#8243; background_image=\u00bbhttps:\/\/alianza-por-el-clima-navarra.org\/wp-content\/uploads\/2021\/04\/charity-09.png\u00bb parallax=\u00bbon\u00bb locked=\u00bboff\u00bb collapsed=\u00bboff\u00bb][et_pb_row _builder_version=\u00bb3.25&#8243;][et_pb_column type=\u00bb4_4&#8243; _builder_version=\u00bb3.25&#8243; custom_padding=\u00bb80px||40px|\u00bb custom_padding_tablet=\u00bb0px||\u00bb custom_padding_phone=\u00bb\u00bb custom_padding_last_edited=\u00bbon|tablet\u00bb padding_tablet=\u00bb0px||\u00bb padding_last_edited=\u00bbon|tablet\u00bb custom_padding__hover=\u00bb|||\u00bb][et_pb_text _builder_version=\u00bb3.27.4&#8243; text_font=\u00bb||||||||\u00bb text_line_height=\u00bb2em\u00bb header_font=\u00bbFaustina|600|||||||\u00bb header_text_color=\u00bb#0e7162&#8243; header_font_size=\u00bb60px\u00bb header_line_height=\u00bb1.3em\u00bb text_orientation=\u00bbcenter\u00bb max_width=\u00bb800px\u00bb module_alignment=\u00bbcenter\u00bb header_font_size_tablet=\u00bb50px\u00bb header_font_size_phone=\u00bb40px\u00bb header_font_size_last_edited=\u00bbon|phone\u00bb]<h1>Limpieza del r\u00edo Arga<\/h1>[\/et_pb_text][et_pb_text _builder_version=\u00bb4.9.4&#8243; text_font=\u00bb||||||||\u00bb text_line_height=\u00bb2em\u00bb header_font=\u00bbFaustina||||||||\u00bb header_text_color=\u00bb#0e7162&#8243; header_font_size=\u00bb60px\u00bb header_line_height=\u00bb1.3em\u00bb text_orientation=\u00bbcenter\u00bb max_width=\u00bb800px\u00bb module_alignment=\u00bbcenter\u00bb]<p><span class=\"excerpt ng-binding\" ng-bind-html=\"contentSidebar.excerpt\">El r\u00edo Arga, arteria principal navarra, se asfixia en nuestros pl\u00e1sticos y residuos, \u00bflo vas a permitir? Preoc\u00fapate por lo tuyo. \u00danete a la limpieza del Arga el pr\u00f3ximo domingo 23.<br \/>\ud83c\udf0a\ud83c\udf0a\ud83c\udf0a\ud83c\udf0a<br \/>Arga ibaia, Nafarroako arteria nagusia, gure plastiko eta hondakinen artean itotzen ari da. Onartuko al duzu? Kezkatu zeureaz. Zatoz datorren igandean, urtarrilak 23an, Arga garbitzera.<\/span><\/p>\n<p><span class=\"excerpt ng-binding\" ng-bind-html=\"contentSidebar.excerpt\"><\/span><\/p>\n<p><span class=\"excerpt ng-binding\" ng-bind-html=\"contentSidebar.excerpt\">Ademas estamos recogiendo firmas para una ley de cambio clim\u00e1tica ambiciosa: https:\/\/www.change.org\/p\/gobierno-de-navarra-ley-foral-de-cambio-clim%C3%A1tico-y-transici%C3%B3n-energ%C3%A9tica<\/span><\/p>\n<p><span class=\"excerpt ng-binding\" ng-bind-html=\"contentSidebar.excerpt\"><\/span><a href=\"http:\/\/ahotsa.info\/edukia\/accion-global-por-el-clima-para-pedir-justicia-climatica?fbclid=IwAR1MkLqwTdJoRycW6aOp93eziZ3CjXElRZxEu_wIv-DsUil9gyM6nGdlWHM\"><span ng-if=\"contentSidebar.video_code != ''\" ng-click=\"showVideo = ! showVideo\" class=\"ng-scope\"><br \/><\/span><\/a><\/p>\n<p><span class=\"excerpt ng-binding\" ng-bind-html=\"contentSidebar.excerpt\"><\/span><\/p>\n<p>&nbsp;<\/p>[\/et_pb_text][\/et_pb_column][\/et_pb_row][\/et_pb_section]\n","protected":false},"excerpt":{"rendered":"<p>Limpieza del r\u00edo Arga<\/p>\n","protected":false},"author":1,"featured_media":381,"comment_status":"open","ping_status":"open","sticky":false,"template":"","format":"standard","meta":{"_et_pb_use_builder":"on","_et_pb_old_content":"","_et_gb_content_width":"2880"},"categories":[8],"tags":[],"jetpack_featured_media_url":"https:\/\/alianza-por-el-clima-navarra.org\/wp-content\/uploads\/2022\/01\/indice.jpg","_links":{"self":[{"href":"https:\/\/alianza-por-el-clima-navarra.org\/index.php?rest_route=\/wp\/v2\/posts\/380"}],"collection":[{"href":"https:\/\/alianza-por-el-clima-navarra.org\/index.php?rest_route=\/wp\/v2\/posts"}],"about":[{"href":"https:\/\/alianza-por-el-clima-navarra.org\/index.php?rest_route=\/wp\/v2\/types\/post"}],"author":[{"embeddable":true,"href":"https:\/\/alianza-por-el-clima-navarra.org\/index.php?rest_route=\/wp\/v2\/users\/1"}],"replies":[{"embeddable":true,"href":"https:\/\/alianza-por-el-clima-navarra.org\/index.php?rest_route=%2Fwp%2Fv2%2Fcomments&post=380"}],"version-history":[{"count":3,"href":"https:\/\/alianza-por-el-clima-navarra.org\/index.php?rest_route=\/wp\/v2\/posts\/380\/revisions"}],"predecessor-version":[{"id":386,"href":"https:\/\/alianza-por-el-clima-navarra.org\/index.php?rest_route=\/wp\/v2\/posts\/380\/revisions\/386"}],"wp:featuredmedia":[{"embeddable":true,"href":"https:\/\/alianza-por-el-clima-navarra.org\/index.php?rest_route=\/wp\/v2\/media\/381"}],"wp:attachment":[{"href":"https:\/\/alianza-por-el-clima-navarra.org\/index.php?rest_route=%2Fwp%2Fv2%2Fmedia&parent=380"}],"wp:term":[{"taxonomy":"category","embeddable":true,"href":"https:\/\/alianza-por-el-clima-navarra.org\/index.php?rest_route=%2Fwp%2Fv2%2Fcategories&post=380"},{"taxonomy":"post_tag","embeddable":true,"href":"https:\/\/alianza-por-el-clima-navarra.org\/index.php?rest_route=%2Fwp%2Fv2%2Ftags&post=380"}],"curies":[{"name":"wp","href":"https:\/\/api.w.org\/{rel}","templated":true}]}}