{"id":388,"date":"2022-09-27T17:26:28","date_gmt":"2022-09-27T17:26:28","guid":{"rendered":"https:\/\/alianza-por-el-clima-navarra.org\/?p=388"},"modified":"2022-09-27T17:30:17","modified_gmt":"2022-09-27T17:30:17","slug":"%e2%80%8b%e2%80%8b%e2%80%8b%e2%80%8b%e2%80%8b%e2%80%8b%e2%80%8bhay-futuro","status":"publish","type":"post","link":"https:\/\/alianza-por-el-clima-navarra.org\/?p=388","title":{"rendered":"\u200b\u200b\u200b\u200b\u200b\u200b\u200b\u00bfHay futuro?"},"content":{"rendered":"<p>[et_pb_section fb_built=\u00bb1&#8243; admin_label=\u00bbHeader\u00bb _builder_version=\u00bb4.9.4&#8243; background_color=\u00bb#f7f9f9&#8243; background_image=\u00bbhttps:\/\/alianza-por-el-clima-navarra.org\/wp-content\/uploads\/2021\/04\/charity-09.png\u00bb parallax=\u00bbon\u00bb locked=\u00bboff\u00bb collapsed=\u00bboff\u00bb][et_pb_row _builder_version=\u00bb3.25&#8243;][et_pb_column type=\u00bb4_4&#8243; _builder_version=\u00bb3.25&#8243; custom_padding=\u00bb80px||40px|\u00bb custom_padding_tablet=\u00bb0px||\u00bb custom_padding_phone=\u00bb\u00bb custom_padding_last_edited=\u00bbon|tablet\u00bb padding_tablet=\u00bb0px||\u00bb padding_last_edited=\u00bbon|tablet\u00bb custom_padding__hover=\u00bb|||\u00bb][et_pb_image src=\u00bbhttps:\/\/alianza-por-el-clima-navarra.org\/wp-content\/uploads\/2022\/09\/\u00bfHay-futuro_-scaled.jpg\u00bb title_text=\u00bb\u00bfHay futuro?\u00bb _builder_version=\u00bb4.9.4&#8243; _module_preset=\u00bbdefault\u00bb][\/et_pb_image][et_pb_image src=\u00bbhttps:\/\/alianza-por-el-clima-navarra.org\/wp-content\/uploads\/2022\/09\/\u00bfHay-futuro__EUS-scaled.jpg\u00bb title_text=\u00bb\u00bfHay futuro__EUS\u00bb _builder_version=\u00bb4.9.4&#8243; _module_preset=\u00bbdefault\u00bb][\/et_pb_image][et_pb_text _builder_version=\u00bb3.27.4&#8243; text_font=\u00bb||||||||\u00bb text_line_height=\u00bb2em\u00bb header_font=\u00bbFaustina|600|||||||\u00bb header_text_color=\u00bb#0e7162&#8243; header_font_size=\u00bb60px\u00bb header_line_height=\u00bb1.3em\u00bb text_orientation=\u00bbcenter\u00bb max_width=\u00bb800px\u00bb module_alignment=\u00bbcenter\u00bb header_font_size_tablet=\u00bb50px\u00bb header_font_size_phone=\u00bb40px\u00bb header_font_size_last_edited=\u00bbon|phone\u00bb]<\/p>\n<h1>\u00bfHay futuro?<\/h1>\n<p>[\/et_pb_text][et_pb_text _builder_version=\u00bb4.9.4&#8243; text_font=\u00bb||||||||\u00bb text_line_height=\u00bb2em\u00bb header_font=\u00bbFaustina||||||||\u00bb header_text_color=\u00bb#0e7162&#8243; header_font_size=\u00bb60px\u00bb header_line_height=\u00bb1.3em\u00bb text_orientation=\u00bbcenter\u00bb max_width=\u00bb800px\u00bb module_alignment=\u00bbcenter\u00bb]<\/p>\n<p><span class=\"excerpt ng-binding\" ng-bind-html=\"contentSidebar.excerpt\">\u00a0<\/span><\/p>\n<p>Desde Alianza por el Clima Navarra queremos elaborar un fanzine con motivo de la celebraci\u00f3n en noviembre de una \u00abcumbre alternativa del clima\u00bb en Iru\u00f1ea coincidiendo con la COP27 de Egipto.<\/p>\n<p>El t\u00edtulo y la pregunta que os proponemos es: <br \/>\u200b\u200b\u200b\u200b\u200b\u200b\u200b<strong>\u00bfHay futuro?<\/strong><\/p>\n<p>Y es que nos encontramos en un contexto biof\u00edsico, social y pol\u00edtico crucial, radicalmente diferente de cualquier otro per\u00edodo hist\u00f3rico y, con toda probabilidad, irrepetible. Estamos sobrepasando algunos l\u00edmites del planeta y nuestras sociedades occidentales han comenzado a mostrar su tremenda fragilidad. El fin de la abundancia de los combustibles f\u00f3siles y otros recursos que sustentan nuestros estilos de vida, la crisis clim\u00e1tica o la p\u00e9rdida de biodiversidad cambiar\u00e1n las reglas del juego e incluso amenazar\u00e1n nuestra existencia como civilizaci\u00f3n.<\/p>\n<p><em>\u00bfSeremos capaces de afrontar estos retos?<\/em><em><\/em><br \/>\u200b\u200b\u200b\u200b\u200b\u200b\u200b<em>\u00bfConseguiremos dar una respuesta colectiva y solidaria a la situaci\u00f3n sin dejar a nadie atr\u00e1s?<br \/>\u00bfC\u00f3mo nos organizaremos socialmente en ese contexto?<br \/>\u00bfC\u00f3mo ser\u00e1n nuestras vidas con muchos menos recursos materiales pero quiz\u00e1 con m\u00e1s tiempo que compartir?<\/em><\/p>\n<p>Os animamos a que imagin\u00e9is un futuro ut\u00f3pico y no dist\u00f3pico, que sea viable pero tambi\u00e9n deseable. <br \/>No obstante, sed libres de reflejar el futuro como lo sint\u00e1is.<\/p>\n<p>Enviadnos vuestras obras gr\u00e1ficas, textos, etc. a: <a data-cke-saved-href=\"mailto:alianzaclimanavarra@posteo.org\" href=\"mailto:alianzaclimanavarra@posteo.org\">alianzaclimanavarra@posteo.org<\/a>\u00a0antes del 31 de octubre.<\/p>\n<p><strong>Cuestiones t\u00e9cnicas:<\/strong><\/p>\n<p>El tama\u00f1o del fanzine ser\u00e1 A5 cerrado (A4 abierto) y, por eso de aprender a mantenernos dentro de los l\u00edmites, estar\u00e1 impreso en blanco y negro (escala de grises).<br \/>Las obras pueden tener una extensi\u00f3n de una p\u00e1gina (A5 vertical) o una doble p\u00e1gina (A4 horizontal). <br \/>Las obras gr\u00e1ficas deber\u00e1n enviarse en formato PDF o JPG a una resoluci\u00f3n m\u00ednima de 300ppp.<br \/>En el caso de ser solo texto pueden enviarse en cualquier documento de texto.<\/p>\n<p>&nbsp;<\/p>\n<p><em>El fanzine resultante ser\u00e1 repartido de forma libre en las acciones\/eventos que se realicen durante la cumbre alternativa y \u00fanicamente se pedir\u00e1 alguna aportaci\u00f3n voluntaria para cubrir los gastos de producci\u00f3n del mismo.<\/em><\/p>\n<p>&nbsp;<\/p>\n<p><span class=\"excerpt ng-binding\" ng-bind-html=\"contentSidebar.excerpt\"><\/span><a href=\"http:\/\/ahotsa.info\/edukia\/accion-global-por-el-clima-para-pedir-justicia-climatica?fbclid=IwAR1MkLqwTdJoRycW6aOp93eziZ3CjXElRZxEu_wIv-DsUil9gyM6nGdlWHM\"><span ng-if=\"contentSidebar.video_code != ''\" ng-click=\"showVideo = ! showVideo\" class=\"ng-scope\"><br \/><\/span><\/a><\/p>\n<p><span class=\"excerpt ng-binding\" ng-bind-html=\"contentSidebar.excerpt\"><\/span><\/p>\n<p>&nbsp;<\/p>\n<p>[\/et_pb_text][\/et_pb_column][\/et_pb_row][\/et_pb_section]<\/p>\n","protected":false},"excerpt":{"rendered":"<p>[et_pb_section fb_built=\u00bb1&#8243; admin_label=\u00bbHeader\u00bb _builder_version=\u00bb4.9.4&#8243; background_color=\u00bb#f7f9f9&#8243; background_image=\u00bbhttps:\/\/alianza-por-el-clima-navarra.org\/wp-content\/uploads\/2021\/04\/charity-09.png\u00bb parallax=\u00bbon\u00bb locked=\u00bboff\u00bb collapsed=\u00bboff\u00bb][et_pb_row _builder_version=\u00bb3.25&#8243;][et_pb_column type=\u00bb4_4&#8243; _builder_version=\u00bb3.25&#8243; custom_padding=\u00bb80px||40px|\u00bb custom_padding_tablet=\u00bb0px||\u00bb custom_padding_phone=\u00bb\u00bb custom_padding_last_edited=\u00bbon|tablet\u00bb padding_tablet=\u00bb0px||\u00bb padding_last_edited=\u00bbon|tablet\u00bb custom_padding__hover=\u00bb|||\u00bb][et_pb_image src=\u00bbhttps:\/\/alianza-por-el-clima-navarra.org\/wp-content\/uploads\/2022\/09\/\u00bfHay-futuro_-scaled.jpg\u00bb title_text=\u00bb\u00bfHay futuro?\u00bb _builder_version=\u00bb4.9.4&#8243; _module_preset=\u00bbdefault\u00bb][\/et_pb_image][et_pb_image src=\u00bbhttps:\/\/alianza-por-el-clima-navarra.org\/wp-content\/uploads\/2022\/09\/\u00bfHay-futuro__EUS-scaled.jpg\u00bb title_text=\u00bb\u00bfHay futuro__EUS\u00bb _builder_version=\u00bb4.9.4&#8243; _module_preset=\u00bbdefault\u00bb][\/et_pb_image][et_pb_text _builder_version=\u00bb3.27.4&#8243; text_font=\u00bb||||||||\u00bb text_line_height=\u00bb2em\u00bb header_font=\u00bbFaustina|600|||||||\u00bb header_text_color=\u00bb#0e7162&#8243; header_font_size=\u00bb60px\u00bb header_line_height=\u00bb1.3em\u00bb text_orientation=\u00bbcenter\u00bb max_width=\u00bb800px\u00bb module_alignment=\u00bbcenter\u00bb header_font_size_tablet=\u00bb50px\u00bb header_font_size_phone=\u00bb40px\u00bb header_font_size_last_edited=\u00bbon|phone\u00bb] \u00bfHay futuro? [\/et_pb_text][et_pb_text _builder_version=\u00bb4.9.4&#8243; text_font=\u00bb||||||||\u00bb text_line_height=\u00bb2em\u00bb header_font=\u00bbFaustina||||||||\u00bb header_text_color=\u00bb#0e7162&#8243; header_font_size=\u00bb60px\u00bb header_line_height=\u00bb1.3em\u00bb text_orientation=\u00bbcenter\u00bb max_width=\u00bb800px\u00bb module_alignment=\u00bbcenter\u00bb] [&hellip;]<\/p>\n","protected":false},"author":1,"featured_media":390,"comment_status":"open","ping_status":"open","sticky":false,"template":"","format":"standard","meta":{"_et_pb_use_builder":"on","_et_pb_old_content":"","_et_gb_content_width":"2880"},"categories":[8],"tags":[],"jetpack_featured_media_url":"https:\/\/alianza-por-el-clima-navarra.org\/wp-content\/uploads\/2022\/09\/\u00bfHay-futuro_-scaled.jpg","_links":{"self":[{"href":"https:\/\/alianza-por-el-clima-navarra.org\/index.php?rest_route=\/wp\/v2\/posts\/388"}],"collection":[{"href":"https:\/\/alianza-por-el-clima-navarra.org\/index.php?rest_route=\/wp\/v2\/posts"}],"about":[{"href":"https:\/\/alianza-por-el-clima-navarra.org\/index.php?rest_route=\/wp\/v2\/types\/post"}],"author":[{"embeddable":true,"href":"https:\/\/alianza-por-el-clima-navarra.org\/index.php?rest_route=\/wp\/v2\/users\/1"}],"replies":[{"embeddable":true,"href":"https:\/\/alianza-por-el-clima-navarra.org\/index.php?rest_route=%2Fwp%2Fv2%2Fcomments&post=388"}],"version-history":[{"count":5,"href":"https:\/\/alianza-por-el-clima-navarra.org\/index.php?rest_route=\/wp\/v2\/posts\/388\/revisions"}],"predecessor-version":[{"id":399,"href":"https:\/\/alianza-por-el-clima-navarra.org\/index.php?rest_route=\/wp\/v2\/posts\/388\/revisions\/399"}],"wp:featuredmedia":[{"embeddable":true,"href":"https:\/\/alianza-por-el-clima-navarra.org\/index.php?rest_route=\/wp\/v2\/media\/390"}],"wp:attachment":[{"href":"https:\/\/alianza-por-el-clima-navarra.org\/index.php?rest_route=%2Fwp%2Fv2%2Fmedia&parent=388"}],"wp:term":[{"taxonomy":"category","embeddable":true,"href":"https:\/\/alianza-por-el-clima-navarra.org\/index.php?rest_route=%2Fwp%2Fv2%2Fcategories&post=388"},{"taxonomy":"post_tag","embeddable":true,"href":"https:\/\/alianza-por-el-clima-navarra.org\/index.php?rest_route=%2Fwp%2Fv2%2Ftags&post=388"}],"curies":[{"name":"wp","href":"https:\/\/api.w.org\/{rel}","templated":true}]}}